{"id":16881,"date":"2026-09-02T13:53:50","date_gmt":"2026-09-02T11:53:50","guid":{"rendered":"https:\/\/www.fitatu.com\/blog\/?p=16881"},"modified":"2026-09-02T14:22:04","modified_gmt":"2026-09-02T12:22:04","slug":"wracamy-do-rytmu-z-fitatu-i-lidl-plus-zadbasz-o-swoje-cele-po-wakacjach","status":"publish","type":"post","link":"https:\/\/www.fitatu.com\/blog\/wracamy-do-rytmu-z-fitatu-i-lidl-plus-zadbasz-o-swoje-cele-po-wakacjach\/","title":{"rendered":"<strong>Wracamy do rytmu! Z Fitatu\u00ae i Lidl Plus zadbasz o swoje cele po wakacjach<\/strong>"},"content":{"rendered":"\n<div class=\"wp-block-image\"><figure class=\"aligncenter size-large\"><img loading=\"lazy\" width=\"1024\" height=\"512\" src=\"https:\/\/www.fitatu.com\/blog\/wp-content\/uploads\/Grafika-Lidl-blog-1024x512.png\" alt=\"\" class=\"wp-image-14957\" srcset=\"https:\/\/www.fitatu.com\/blog\/wp-content\/uploads\/Grafika-Lidl-blog-1024x512.png 1024w, https:\/\/www.fitatu.com\/blog\/wp-content\/uploads\/Grafika-Lidl-blog-300x150.png 300w, https:\/\/www.fitatu.com\/blog\/wp-content\/uploads\/Grafika-Lidl-blog-768x384.png 768w, https:\/\/www.fitatu.com\/blog\/wp-content\/uploads\/Grafika-Lidl-blog-1536x768.png 1536w, https:\/\/www.fitatu.com\/blog\/wp-content\/uploads\/Grafika-Lidl-blog.png 1728w\" sizes=\"(max-width: 1024px) 100vw, 1024px\" \/><\/figure><\/div>\n\n\n\n<p>Wakacje dobiegaj\u0105 ko\u0144ca, a razem z wrze\u015bniem wraca codzienny rytm. Praca, szko\u0142a, zaj\u0119cia sportowe\u2026 i troch\u0119 wi\u0119cej regularno\u015bci. <strong>To dobry moment, \u017ceby wr\u00f3ci\u0107 tak\u017ce do zdrowych nawyk\u00f3w \u017cywieniowych.<\/strong><\/p>\n\n\n\n<div style=\"height:31px\" aria-hidden=\"true\" class=\"wp-block-spacer\"><\/div>\n\n\n\n<div class=\"wp-block-media-text alignwide is-stacked-on-mobile\" style=\"grid-template-columns:25% auto\"><figure class=\"wp-block-media-text__media\"><img loading=\"lazy\" width=\"647\" height=\"1331\" src=\"https:\/\/www.fitatu.com\/blog\/wp-content\/uploads\/fitatu-premiumAI-szacowanie-kcal-ze-zdjecia.png\" alt=\"\" class=\"wp-image-16882 size-full\" srcset=\"https:\/\/www.fitatu.com\/blog\/wp-content\/uploads\/fitatu-premiumAI-szacowanie-kcal-ze-zdjecia.png 647w, https:\/\/www.fitatu.com\/blog\/wp-content\/uploads\/fitatu-premiumAI-szacowanie-kcal-ze-zdjecia-146x300.png 146w, https:\/\/www.fitatu.com\/blog\/wp-content\/uploads\/fitatu-premiumAI-szacowanie-kcal-ze-zdjecia-498x1024.png 498w\" sizes=\"(max-width: 647px) 100vw, 647px\" \/><\/figure><div class=\"wp-block-media-text__content\">\n<h2><strong>Wrzesie\u0144 to dobry moment na powr\u00f3t do zdrowej rutyny<\/strong><\/h2>\n\n\n\n<p>Po wakacyjnych wyjazdach, grillach, jedzeniu na mie\u015bcie i dniach, w kt\u00f3rych plan dnia cz\u0119sto bywa\u0142 nieco lu\u017aniejszy, wrzesie\u0144 przywraca troch\u0119 porz\u0105dku.<\/p>\n\n\n\n<div style=\"height:28px\" aria-hidden=\"true\" class=\"wp-block-spacer\"><\/div>\n\n\n\n<p>Dlatego \u0142atwiej jest zn\u00f3w z\u0142apa\u0107 rytm i powr\u00f3ci\u0107 do rutyny: przewidywalnego rozk\u0142adu dnia, do swojego hobby, zaj\u0119\u0107 na si\u0142owni, biegania czy innych ulubionych aktywno\u015bci. A wraz z tym \u0142atwiej wr\u00f3ci\u0107 r\u00f3wnie\u017c do planowania posi\u0142k\u00f3w i wi\u0119kszej kontroli nad tym, co jesz.<\/p>\n\n\n\n<div style=\"height:28px\" aria-hidden=\"true\" class=\"wp-block-spacer\"><\/div>\n\n\n\n<p>Fitatu\u00ae Premium+AI Ci w tym pomo\u017ce. <strong>Dzi\u0119ki zaawansowanym funkcjom AI szybko dodasz posi\u0142ek za pomoc\u0105 zdj\u0119cia, g\u0142osu lub opisu tekstowego, a aplikacja policzy kalorie i makrosk\u0142adniki za Ciebie!<\/strong> Dodatkowo takie rozwi\u0105zania jak gotowe menu, dopasowane do Twojego zapotrzebowania kalorycznego czy tysi\u0105ce przepis\u00f3w, pomog\u0105 Ci planowa\u0107 posi\u0142ki i utrzyma\u0107 rutyn\u0119 bez rezygnacji z ulubionych smak\u00f3w.<\/p>\n<\/div><\/div>\n\n\n\n<div style=\"height:31px\" aria-hidden=\"true\" class=\"wp-block-spacer\"><\/div>\n\n\n\n<div class=\"wp-block-media-text alignwide has-media-on-the-right is-stacked-on-mobile\" style=\"grid-template-columns:auto 25%\"><figure class=\"wp-block-media-text__media\"><img loading=\"lazy\" width=\"647\" height=\"1331\" src=\"https:\/\/www.fitatu.com\/blog\/wp-content\/uploads\/benefit-plus-lidl-oferta-fitatu.png\" alt=\"\" class=\"wp-image-16890 size-full\" srcset=\"https:\/\/www.fitatu.com\/blog\/wp-content\/uploads\/benefit-plus-lidl-oferta-fitatu.png 647w, https:\/\/www.fitatu.com\/blog\/wp-content\/uploads\/benefit-plus-lidl-oferta-fitatu-146x300.png 146w, https:\/\/www.fitatu.com\/blog\/wp-content\/uploads\/benefit-plus-lidl-oferta-fitatu-498x1024.png 498w\" sizes=\"(max-width: 647px) 100vw, 647px\" \/><\/figure><div class=\"wp-block-media-text__content\">\n<h2><strong>30% na\u00a0Fitatu\u00ae Premium+AI\u00a0w aplikacji Lidl Plus<\/strong><\/h2>\n\n\n\n<p>Wskocz w sw\u00f3j rytm z aplikacj\u0105 Lidl Plus i Fitatu! W sekcji <strong>Benefit Plus<\/strong> do ko\u0144ca wrze\u015bnia czeka na Ciebie <strong>30% rabatu na roczn\u0105 subskrypcj\u0119 Fitatu\u00ae Premium+AI<\/strong>.<\/p>\n\n\n\n<div style=\"height:33px\" aria-hidden=\"true\" class=\"wp-block-spacer\"><\/div>\n\n\n\n<p><strong>Jak odebra\u0107 zni\u017ck\u0119?<\/strong><\/p>\n\n\n\n<ol type=\"1\"><li>Wejd\u017a do aplikacji <strong>Lidl Plus<\/strong> i przejd\u017a do sekcji <strong>Benefit Plus<\/strong>.<\/li><li>Odbierz kod rabatowy <strong>-30% na Fitatu\u00ae Premium+AI<\/strong>.<\/li><li>Przejd\u017a na stron\u0119 fitatu.com i w cenniku wybierz roczn\u0105 subskrypcj\u0119 Premium+AI.<\/li><li>Wpisz kod, aktywuj rabat, op\u0142a\u0107 zakup i gotowe!<\/li><\/ol>\n<\/div><\/div>\n\n\n\n<div style=\"height:31px\" aria-hidden=\"true\" class=\"wp-block-spacer\"><\/div>\n\n\n\n<h2><strong>Wr\u00f3\u0107 do swoich cel\u00f3w z Fitatu\u00ae Premium+AI 30% taniej<\/strong><\/h2>\n\n\n\n<p>Nie musisz czeka\u0107 do poniedzia\u0142ku, kolejnego miesi\u0105ca ani do\u2026 stycznia. Ju\u017c teraz razem z Fitatu i Lidlem zacznij swoj\u0105 drog\u0119 do nowych, zdrowych nawyk\u00f3w, a ju\u017c niebawem zobaczysz, \u017ce Twoje cia\u0142o Ci za to podzi\u0119kuje!<\/p>\n\n\n\n<div style=\"height:31px\" aria-hidden=\"true\" class=\"wp-block-spacer\"><\/div>\n\n\n\n<h3>Ostatnie wpisy:<\/h3>\n\n\n<ul class=\"wp-block-latest-posts__list wp-block-latest-posts\"><li><a href=\"https:\/\/www.fitatu.com\/blog\/wracamy-do-rytmu-z-fitatu-i-lidl-plus-zadbasz-o-swoje-cele-po-wakacjach\/\"><strong>Wracamy do rytmu! Z Fitatu\u00ae i Lidl Plus zadbasz o swoje cele po wakacjach<\/strong><\/a><\/li>\n<li><a href=\"https:\/\/www.fitatu.com\/blog\/wszystko-co-warto-wiedziec-o-superfoodach\/\"><strong>Wszystko, co warto wiedzie\u0107 o superfoodach<\/strong><\/a><\/li>\n<li><a href=\"https:\/\/www.fitatu.com\/blog\/przekaski-dla-kibicow\/\"><strong>Przek\u0105ski dla kibic\u00f3w &#8211; co je\u015b\u0107 \u017ceby nie przybra\u0107 na wadze?<\/strong><strong>&nbsp;<\/strong><\/a><\/li>\n<li><a href=\"https:\/\/www.fitatu.com\/blog\/nawodnienie-a-dieta-jak-woda-poprawia-sylwetke-koncentracje-i-energie\/\"><strong>Nawodnienie a dieta: Jak woda poprawia sylwetk\u0119, koncentracj\u0119 i energi\u0119&nbsp;<\/strong><\/a><\/li>\n<li><a href=\"https:\/\/www.fitatu.com\/blog\/jak-schudnac-do-wakacji-praktyczny-przewodnik-po-zdrowej-redukcji\/\"><strong>Jak schudn\u0105\u0107 do wakacji: Praktyczny przewodnik po zdrowej redukcji<\/strong><\/a><\/li>\n<\/ul>","protected":false},"excerpt":{"rendered":"<p>Wakacje dobiegaj\u0105 ko\u0144ca, a razem z wrze\u015bniem wraca codzienny rytm. Praca, szko\u0142a, zaj\u0119cia sportowe\u2026 i troch\u0119 wi\u0119cej regularno\u015bci. To dobry moment, \u017ceby wr\u00f3ci\u0107 tak\u017ce do zdrowych nawyk\u00f3w \u017cywieniowych. Wr\u00f3\u0107 do swoich cel\u00f3w z Fitatu\u00ae Premium+AI 30% taniej Nie musisz czeka\u0107 do poniedzia\u0142ku, kolejnego miesi\u0105ca ani do\u2026 stycznia. Ju\u017c teraz razem z Fitatu i Lidlem zacznij&hellip;<\/p>\n","protected":false},"author":10,"featured_media":14957,"comment_status":"open","ping_status":"open","sticky":false,"template":"","format":"standard","meta":[],"categories":[26],"tags":[],"acf":[],"yoast_head":"<!-- This site is optimized with the Yoast SEO plugin v19.10 - https:\/\/yoast.com\/wordpress\/plugins\/seo\/ -->\n<title>Wracamy do rytmu! Z Fitatu\u00ae i Lidl Plus zadbasz o swoje cele po wakacjach - Fitatu Blog<\/title>\n<meta name=\"description\" content=\"Benefit Plus \u2022 Lidl Plus \u2022 30% rabatu na roczn\u0105 subskrypcj\u0119 Fitatu\u00ae Premium+AI \u2022 kontrola kalorii i makrosk\u0142adnik\u00f3w \u2022 dieta \u2022 redukcja\" \/>\n<meta name=\"robots\" content=\"index, follow, max-snippet:-1, max-image-preview:large, max-video-preview:-1\" \/>\n<link rel=\"canonical\" href=\"https:\/\/www.fitatu.com\/blog\/wracamy-do-rytmu-z-fitatu-i-lidl-plus-zadbasz-o-swoje-cele-po-wakacjach\/\" \/>\n<meta property=\"og:locale\" content=\"pl_PL\" \/>\n<meta property=\"og:type\" content=\"article\" \/>\n<meta property=\"og:title\" content=\"Wracamy do rytmu! Z Fitatu\u00ae i Lidl Plus zadbasz o swoje cele po wakacjach - Fitatu Blog\" \/>\n<meta property=\"og:description\" content=\"Benefit Plus \u2022 Lidl Plus \u2022 30% rabatu na roczn\u0105 subskrypcj\u0119 Fitatu\u00ae Premium+AI \u2022 kontrola kalorii i makrosk\u0142adnik\u00f3w \u2022 dieta \u2022 redukcja\" \/>\n<meta property=\"og:url\" content=\"https:\/\/www.fitatu.com\/blog\/wracamy-do-rytmu-z-fitatu-i-lidl-plus-zadbasz-o-swoje-cele-po-wakacjach\/\" \/>\n<meta property=\"og:site_name\" content=\"Fitatu Blog\" \/>\n<meta property=\"article:published_time\" content=\"2026-09-02T11:53:50+00:00\" \/>\n<meta property=\"article:modified_time\" content=\"2026-09-02T12:22:04+00:00\" \/>\n<meta property=\"og:image\" content=\"https:\/\/www.fitatu.com\/blog\/wp-content\/uploads\/Grafika-Lidl-blog.png\" \/>\n\t<meta property=\"og:image:width\" content=\"1728\" \/>\n\t<meta property=\"og:image:height\" content=\"864\" \/>\n\t<meta property=\"og:image:type\" content=\"image\/png\" \/>\n<meta name=\"author\" content=\"Marta Makowska\" \/>\n<meta name=\"twitter:card\" content=\"summary_large_image\" \/>\n<meta name=\"twitter:label1\" content=\"Napisane przez\" \/>\n\t<meta name=\"twitter:data1\" content=\"Marta Makowska\" \/>\n\t<meta name=\"twitter:label2\" content=\"Szacowany czas czytania\" \/>\n\t<meta name=\"twitter:data2\" content=\"2 minuty\" \/>\n<script type=\"application\/ld+json\" class=\"yoast-schema-graph\">{\"@context\":\"https:\/\/schema.org\",\"@graph\":[{\"@type\":\"WebPage\",\"@id\":\"https:\/\/www.fitatu.com\/blog\/wracamy-do-rytmu-z-fitatu-i-lidl-plus-zadbasz-o-swoje-cele-po-wakacjach\/\",\"url\":\"https:\/\/www.fitatu.com\/blog\/wracamy-do-rytmu-z-fitatu-i-lidl-plus-zadbasz-o-swoje-cele-po-wakacjach\/\",\"name\":\"Wracamy do rytmu! Z Fitatu\u00ae i Lidl Plus zadbasz o swoje cele po wakacjach - Fitatu Blog\",\"isPartOf\":{\"@id\":\"https:\/\/www.fitatu.com\/blog\/en\/#website\"},\"datePublished\":\"2026-09-02T11:53:50+00:00\",\"dateModified\":\"2026-09-02T12:22:04+00:00\",\"author\":{\"@id\":\"https:\/\/www.fitatu.com\/blog\/en\/#\/schema\/person\/a58767cdac519e3b5ed2f42a33e1d251\"},\"description\":\"Benefit Plus \u2022 Lidl Plus \u2022 30% rabatu na roczn\u0105 subskrypcj\u0119 Fitatu\u00ae Premium+AI \u2022 kontrola kalorii i makrosk\u0142adnik\u00f3w \u2022 dieta \u2022 redukcja\",\"breadcrumb\":{\"@id\":\"https:\/\/www.fitatu.com\/blog\/wracamy-do-rytmu-z-fitatu-i-lidl-plus-zadbasz-o-swoje-cele-po-wakacjach\/#breadcrumb\"},\"inLanguage\":\"pl-PL\",\"potentialAction\":[{\"@type\":\"ReadAction\",\"target\":[\"https:\/\/www.fitatu.com\/blog\/wracamy-do-rytmu-z-fitatu-i-lidl-plus-zadbasz-o-swoje-cele-po-wakacjach\/\"]}]},{\"@type\":\"BreadcrumbList\",\"@id\":\"https:\/\/www.fitatu.com\/blog\/wracamy-do-rytmu-z-fitatu-i-lidl-plus-zadbasz-o-swoje-cele-po-wakacjach\/#breadcrumb\",\"itemListElement\":[{\"@type\":\"ListItem\",\"position\":1,\"name\":\"Home\",\"item\":\"https:\/\/www.fitatu.com\/blog\/\"},{\"@type\":\"ListItem\",\"position\":2,\"name\":\"Wracamy do rytmu! Z Fitatu\u00ae i Lidl Plus zadbasz o swoje cele po wakacjach\"}]},{\"@type\":\"WebSite\",\"@id\":\"https:\/\/www.fitatu.com\/blog\/en\/#website\",\"url\":\"https:\/\/www.fitatu.com\/blog\/en\/\",\"name\":\"Fitatu Blog\",\"description\":\"Lose weight. Not yourself.\",\"potentialAction\":[{\"@type\":\"SearchAction\",\"target\":{\"@type\":\"EntryPoint\",\"urlTemplate\":\"https:\/\/www.fitatu.com\/blog\/en\/?s={search_term_string}\"},\"query-input\":\"required name=search_term_string\"}],\"inLanguage\":\"pl-PL\"},{\"@type\":\"Person\",\"@id\":\"https:\/\/www.fitatu.com\/blog\/en\/#\/schema\/person\/a58767cdac519e3b5ed2f42a33e1d251\",\"name\":\"Marta Makowska\",\"image\":{\"@type\":\"ImageObject\",\"inLanguage\":\"pl-PL\",\"@id\":\"https:\/\/www.fitatu.com\/blog\/en\/#\/schema\/person\/image\/\",\"url\":\"https:\/\/secure.gravatar.com\/avatar\/89e8e79f8439d8445e5fbff1433371df?s=96&d=mm&r=g\",\"contentUrl\":\"https:\/\/secure.gravatar.com\/avatar\/89e8e79f8439d8445e5fbff1433371df?s=96&d=mm&r=g\",\"caption\":\"Marta Makowska\"},\"url\":\"https:\/\/www.fitatu.com\/blog\/author\/martamakowska\/\"}]}<\/script>\n<!-- \/ Yoast SEO plugin. -->","yoast_head_json":{"title":"Wracamy do rytmu! Z Fitatu\u00ae i Lidl Plus zadbasz o swoje cele po wakacjach - Fitatu Blog","description":"Benefit Plus \u2022 Lidl Plus \u2022 30% rabatu na roczn\u0105 subskrypcj\u0119 Fitatu\u00ae Premium+AI \u2022 kontrola kalorii i makrosk\u0142adnik\u00f3w \u2022 dieta \u2022 redukcja","robots":{"index":"index","follow":"follow","max-snippet":"max-snippet:-1","max-image-preview":"max-image-preview:large","max-video-preview":"max-video-preview:-1"},"canonical":"https:\/\/www.fitatu.com\/blog\/wracamy-do-rytmu-z-fitatu-i-lidl-plus-zadbasz-o-swoje-cele-po-wakacjach\/","og_locale":"pl_PL","og_type":"article","og_title":"Wracamy do rytmu! Z Fitatu\u00ae i Lidl Plus zadbasz o swoje cele po wakacjach - Fitatu Blog","og_description":"Benefit Plus \u2022 Lidl Plus \u2022 30% rabatu na roczn\u0105 subskrypcj\u0119 Fitatu\u00ae Premium+AI \u2022 kontrola kalorii i makrosk\u0142adnik\u00f3w \u2022 dieta \u2022 redukcja","og_url":"https:\/\/www.fitatu.com\/blog\/wracamy-do-rytmu-z-fitatu-i-lidl-plus-zadbasz-o-swoje-cele-po-wakacjach\/","og_site_name":"Fitatu Blog","article_published_time":"2026-09-02T11:53:50+00:00","article_modified_time":"2026-09-02T12:22:04+00:00","og_image":[{"width":1728,"height":864,"url":"https:\/\/www.fitatu.com\/blog\/wp-content\/uploads\/Grafika-Lidl-blog.png","type":"image\/png"}],"author":"Marta Makowska","twitter_card":"summary_large_image","twitter_misc":{"Napisane przez":"Marta Makowska","Szacowany czas czytania":"2 minuty"},"schema":{"@context":"https:\/\/schema.org","@graph":[{"@type":"WebPage","@id":"https:\/\/www.fitatu.com\/blog\/wracamy-do-rytmu-z-fitatu-i-lidl-plus-zadbasz-o-swoje-cele-po-wakacjach\/","url":"https:\/\/www.fitatu.com\/blog\/wracamy-do-rytmu-z-fitatu-i-lidl-plus-zadbasz-o-swoje-cele-po-wakacjach\/","name":"Wracamy do rytmu! Z Fitatu\u00ae i Lidl Plus zadbasz o swoje cele po wakacjach - Fitatu Blog","isPartOf":{"@id":"https:\/\/www.fitatu.com\/blog\/en\/#website"},"datePublished":"2026-09-02T11:53:50+00:00","dateModified":"2026-09-02T12:22:04+00:00","author":{"@id":"https:\/\/www.fitatu.com\/blog\/en\/#\/schema\/person\/a58767cdac519e3b5ed2f42a33e1d251"},"description":"Benefit Plus \u2022 Lidl Plus \u2022 30% rabatu na roczn\u0105 subskrypcj\u0119 Fitatu\u00ae Premium+AI \u2022 kontrola kalorii i makrosk\u0142adnik\u00f3w \u2022 dieta \u2022 redukcja","breadcrumb":{"@id":"https:\/\/www.fitatu.com\/blog\/wracamy-do-rytmu-z-fitatu-i-lidl-plus-zadbasz-o-swoje-cele-po-wakacjach\/#breadcrumb"},"inLanguage":"pl-PL","potentialAction":[{"@type":"ReadAction","target":["https:\/\/www.fitatu.com\/blog\/wracamy-do-rytmu-z-fitatu-i-lidl-plus-zadbasz-o-swoje-cele-po-wakacjach\/"]}]},{"@type":"BreadcrumbList","@id":"https:\/\/www.fitatu.com\/blog\/wracamy-do-rytmu-z-fitatu-i-lidl-plus-zadbasz-o-swoje-cele-po-wakacjach\/#breadcrumb","itemListElement":[{"@type":"ListItem","position":1,"name":"Home","item":"https:\/\/www.fitatu.com\/blog\/"},{"@type":"ListItem","position":2,"name":"Wracamy do rytmu! Z Fitatu\u00ae i Lidl Plus zadbasz o swoje cele po wakacjach"}]},{"@type":"WebSite","@id":"https:\/\/www.fitatu.com\/blog\/en\/#website","url":"https:\/\/www.fitatu.com\/blog\/en\/","name":"Fitatu Blog","description":"Lose weight. Not yourself.","potentialAction":[{"@type":"SearchAction","target":{"@type":"EntryPoint","urlTemplate":"https:\/\/www.fitatu.com\/blog\/en\/?s={search_term_string}"},"query-input":"required name=search_term_string"}],"inLanguage":"pl-PL"},{"@type":"Person","@id":"https:\/\/www.fitatu.com\/blog\/en\/#\/schema\/person\/a58767cdac519e3b5ed2f42a33e1d251","name":"Marta Makowska","image":{"@type":"ImageObject","inLanguage":"pl-PL","@id":"https:\/\/www.fitatu.com\/blog\/en\/#\/schema\/person\/image\/","url":"https:\/\/secure.gravatar.com\/avatar\/89e8e79f8439d8445e5fbff1433371df?s=96&d=mm&r=g","contentUrl":"https:\/\/secure.gravatar.com\/avatar\/89e8e79f8439d8445e5fbff1433371df?s=96&d=mm&r=g","caption":"Marta Makowska"},"url":"https:\/\/www.fitatu.com\/blog\/author\/martamakowska\/"}]}},"_links":{"self":[{"href":"https:\/\/www.fitatu.com\/blog\/wp-json\/wp\/v2\/posts\/16881"}],"collection":[{"href":"https:\/\/www.fitatu.com\/blog\/wp-json\/wp\/v2\/posts"}],"about":[{"href":"https:\/\/www.fitatu.com\/blog\/wp-json\/wp\/v2\/types\/post"}],"author":[{"embeddable":true,"href":"https:\/\/www.fitatu.com\/blog\/wp-json\/wp\/v2\/users\/10"}],"replies":[{"embeddable":true,"href":"https:\/\/www.fitatu.com\/blog\/wp-json\/wp\/v2\/comments?post=16881"}],"version-history":[{"count":10,"href":"https:\/\/www.fitatu.com\/blog\/wp-json\/wp\/v2\/posts\/16881\/revisions"}],"predecessor-version":[{"id":16915,"href":"https:\/\/www.fitatu.com\/blog\/wp-json\/wp\/v2\/posts\/16881\/revisions\/16915"}],"wp:featuredmedia":[{"embeddable":true,"href":"https:\/\/www.fitatu.com\/blog\/wp-json\/wp\/v2\/media\/14957"}],"wp:attachment":[{"href":"https:\/\/www.fitatu.com\/blog\/wp-json\/wp\/v2\/media?parent=16881"}],"wp:term":[{"taxonomy":"category","embeddable":true,"href":"https:\/\/www.fitatu.com\/blog\/wp-json\/wp\/v2\/categories?post=16881"},{"taxonomy":"post_tag","embeddable":true,"href":"https:\/\/www.fitatu.com\/blog\/wp-json\/wp\/v2\/tags?post=16881"}],"curies":[{"name":"wp","href":"https:\/\/api.w.org\/{rel}","templated":true}]}}